{"id":10501,"date":"2020-06-30T19:24:02","date_gmt":"2020-07-01T00:24:02","guid":{"rendered":"https:\/\/www.vivamancora.com\/peru\/?p=10501"},"modified":"2020-06-30T19:24:02","modified_gmt":"2020-07-01T00:24:02","slug":"las-ballenas-jorobadas-ya-se-divisan-desde-mancora-y-playas-cercanas","status":"publish","type":"post","link":"https:\/\/www.vivamancora.com\/Peru\/las-ballenas-jorobadas-ya-se-divisan-desde-mancora-y-playas-cercanas\/","title":{"rendered":"Las ballenas jorobadas ya se divisan desde M\u00e1ncora y playas cercanas"},"content":{"rendered":"<p>Faltan algunas semanas a\u00fan para el inicio oficial de la temporada 2020 de <a href=\"https:\/\/www.vivamancora.com\/Peru\/avistamiento-ballenas\/\">avistamientos de ballenas jorobadas<\/a>, sin embargo ya se han observado grupos de cet\u00e1ceos en las costas del norte de Piura y sur de Tumbes.<\/p>\n<p>Se han reportado avistamientos esta \u00faltima semana desde el Faro de M\u00e1ncora, adem\u00e1s de algunos hoteles en playa Pocitas, como tambi\u00e9n tours operadores en Los \u00d3rganos y Punta Sal.<\/p>\n<p>M\u00e1s informaci\u00f3n visita <a href=\"https:\/\/www.vivamancora.com\/Peru\/avistamiento-ballenas\/\">Avistamiento de Ballenas Jorobadas en M\u00e1ncora y playas cercanas<\/a>.<\/p>\n\n\t\t\t<div>\n\t\t\t<style type='text\/css'>\n\t\t\t\t#gallery-1 {\n\t\t\t\t\tmargin: auto;\n\t\t\t\t}\n\t\t\t\t#gallery-1 .gallery-item {\n\t\t\t\t\tfloat: left;\n\t\t\t\t\tmargin-top: 10px;\n\t\t\t\t\ttext-align: center;\n\t\t\t\t\twidth: 33%;\n\t\t\t\t}\n\t\t\t\t#gallery-1 img {\n\t\t\t\t\tborder: 2px solid #cfcfcf;\n\t\t\t\t}\n\t\t\t\t#gallery-1 .gallery-caption {\n\t\t\t\t\tmargin-left: 0;\n\t\t\t\t}\n\t\t\t\t\/* see gallery_shortcode() in wp-includes\/media.php *\/\n\t\t\t<\/style><\/div>\n\t\t<div id='gallery-1' class='gallery galleryid-10501 gallery-columns-3 gallery-size-thumbnail'><div class=\"gallery-inner-wrapper\"><dl class='gallery-item'>\n\t\t\t\t<dt class='gallery-icon portrait'>\n\t\t\t\t\t<a href='https:\/\/www.vivamancora.com\/Peru\/wp-content\/uploads\/pacifico-afiche-ballena2017.jpg'><img width=\"150\" height=\"150\" src=\"https:\/\/www.vivamancora.com\/Peru\/wp-content\/uploads\/pacifico-afiche-ballena2017-150x150.jpg\" class=\"attachment-thumbnail size-thumbnail\" alt=\"\" loading=\"lazy\" \/><\/a>\n\t\t\t\t<\/dt><dd><\/dd><\/dl><dl class='gallery-item'>\n\t\t\t\t<dt class='gallery-icon landscape'>\n\t\t\t\t\t<a href='https:\/\/www.vivamancora.com\/Peru\/wp-content\/uploads\/preview-ballenas.jpg'><img width=\"150\" height=\"150\" src=\"https:\/\/www.vivamancora.com\/Peru\/wp-content\/uploads\/preview-ballenas-150x150.jpg\" class=\"attachment-thumbnail size-thumbnail\" alt=\"\" loading=\"lazy\" \/><\/a>\n\t\t\t\t<\/dt><dd><\/dd><\/dl><dl class='gallery-item'>\n\t\t\t\t<dt class='gallery-icon landscape'>\n\t\t\t\t\t<a href='https:\/\/www.vivamancora.com\/Peru\/wp-content\/uploads\/ballena-mancora-1.jpg'><img width=\"150\" height=\"150\" src=\"https:\/\/www.vivamancora.com\/Peru\/wp-content\/uploads\/ballena-mancora-1-150x150.jpg\" class=\"attachment-thumbnail size-thumbnail\" alt=\"Ballenas\" loading=\"lazy\" \/><\/a>\n\t\t\t\t<\/dt><dd><\/dd><\/dl><br style=\"clear: both\" \/>\n\t\t\t\t<br style='clear: both;' \/>\n\t\t\t<\/div><\/div>\n\n<p>&nbsp;<\/p>\n<p>&nbsp;<\/p>\n<p>&nbsp;<\/p>\n","protected":false},"excerpt":{"rendered":"<p>Faltan algunas semanas a\u00fan para el inicio oficial de la temporada 2020 de avistamientos de ballenas jorobadas, sin embargo ya se han observado grupos de cet\u00e1ceos en las costas del norte de Piura y sur de Tumbes. Se han reportado avistamientos esta \u00faltima semana desde el Faro de M\u00e1ncora, adem\u00e1s de algunos hoteles en playa [&hellip;]<\/p>\n","protected":false},"author":1,"featured_media":4509,"comment_status":"closed","ping_status":"open","sticky":false,"template":"","format":"standard","meta":[],"categories":[422,420,237,484],"tags":[879,877,680,676,722,678,757,761,799],"aioseo_notices":[],"_links":{"self":[{"href":"https:\/\/www.vivamancora.com\/Peru\/wp-json\/wp\/v2\/posts\/10501"}],"collection":[{"href":"https:\/\/www.vivamancora.com\/Peru\/wp-json\/wp\/v2\/posts"}],"about":[{"href":"https:\/\/www.vivamancora.com\/Peru\/wp-json\/wp\/v2\/types\/post"}],"author":[{"embeddable":true,"href":"https:\/\/www.vivamancora.com\/Peru\/wp-json\/wp\/v2\/users\/1"}],"replies":[{"embeddable":true,"href":"https:\/\/www.vivamancora.com\/Peru\/wp-json\/wp\/v2\/comments?post=10501"}],"version-history":[{"count":1,"href":"https:\/\/www.vivamancora.com\/Peru\/wp-json\/wp\/v2\/posts\/10501\/revisions"}],"predecessor-version":[{"id":10502,"href":"https:\/\/www.vivamancora.com\/Peru\/wp-json\/wp\/v2\/posts\/10501\/revisions\/10502"}],"wp:featuredmedia":[{"embeddable":true,"href":"https:\/\/www.vivamancora.com\/Peru\/wp-json\/wp\/v2\/media\/4509"}],"wp:attachment":[{"href":"https:\/\/www.vivamancora.com\/Peru\/wp-json\/wp\/v2\/media?parent=10501"}],"wp:term":[{"taxonomy":"category","embeddable":true,"href":"https:\/\/www.vivamancora.com\/Peru\/wp-json\/wp\/v2\/categories?post=10501"},{"taxonomy":"post_tag","embeddable":true,"href":"https:\/\/www.vivamancora.com\/Peru\/wp-json\/wp\/v2\/tags?post=10501"}],"curies":[{"name":"wp","href":"https:\/\/api.w.org\/{rel}","templated":true}]}}