{"id":19352,"date":"2025-01-01T19:55:27","date_gmt":"2025-01-02T00:55:27","guid":{"rendered":"https:\/\/www.vivamancora.com\/Peru\/?p=19352"},"modified":"2025-01-01T19:56:50","modified_gmt":"2025-01-02T00:56:50","slug":"1-enero-de-2025-asi-lucen-las-playas-de-mancora-las-pocitas-y-vichayito","status":"publish","type":"post","link":"https:\/\/www.vivamancora.com\/Peru\/1-enero-de-2025-asi-lucen-las-playas-de-mancora-las-pocitas-y-vichayito\/","title":{"rendered":"1 enero de 2025: As\u00ed lucen las playas de M\u00e1ncora, Las Pocitas y Vichayito"},"content":{"rendered":"\n<p>En el primer d\u00eda del a\u00f1o 2025 fuimos a visitar las playas de Las Pocitas (M\u00e1ncora), la playa principal de M\u00e1ncora, adem\u00e1s de la id\u00edlica Vichayito (distrito de Los \u00d3rganos).<\/p>\n\n\n\n<p>A pesar de contar con menos arena en general (arena que se recuperar\u00e1 con las crecidas de mar en invierno), las playas lucen lindas, y muchos sectores con suficiente arena para tomar el sol y divertirse.<\/p>\n\n\n\n<p>Nos sorprendi\u00f3 gran cantidad de gente ba\u00f1\u00e1ndose en Vichayito, como tambi\u00e9n la cantidad de nuevas \u00abpocitas\u00bb que se han creado en la playa del mismo nombre, ideales para e ba\u00f1o de grandes y chicos.<\/p>\n\n\n\n<p>Este verano 2025 ven a vivirlo en M\u00e1ncora!.<\/p>\n\n\n\n<figure class=\"wp-block-embed is-type-video is-provider-youtube wp-block-embed-youtube wp-embed-aspect-16-9 wp-has-aspect-ratio\"><div class=\"wp-block-embed__wrapper\">\n<iframe loading=\"lazy\" title=\"Primer d\u00eda del a\u00f1o 2025 y fuimos a visitar M\u00e1ncora, Pocitas y Vichayito\" width=\"1200\" height=\"675\" src=\"https:\/\/www.youtube.com\/embed\/aMYTaJ9k9RA?feature=oembed\" frameborder=\"0\" allow=\"accelerometer; autoplay; clipboard-write; encrypted-media; gyroscope; picture-in-picture; web-share\" referrerpolicy=\"strict-origin-when-cross-origin\" allowfullscreen><\/iframe>\n<\/div><figcaption>Primer d\u00eda del 2025 en Mancora, Vichayito y Las Pocitas.<\/figcaption><\/figure>\n\n\n\n<p><\/p>\n","protected":false},"excerpt":{"rendered":"<p>En el primer d\u00eda del a\u00f1o 2025 fuimos a visitar las playas de Las Pocitas (M\u00e1ncora), la playa principal de M\u00e1ncora, adem\u00e1s de la id\u00edlica Vichayito (distrito de Los \u00d3rganos). A pesar de contar con menos arena en general (arena que se recuperar\u00e1 con las crecidas de mar en invierno), las playas lucen lindas, y [&hellip;]<\/p>\n","protected":false},"author":1,"featured_media":19353,"comment_status":"closed","ping_status":"open","sticky":false,"template":"","format":"standard","meta":[],"categories":[422,420,237,889,510],"tags":[680,722,678,757,785,799,763],"aioseo_notices":[],"_links":{"self":[{"href":"https:\/\/www.vivamancora.com\/Peru\/wp-json\/wp\/v2\/posts\/19352"}],"collection":[{"href":"https:\/\/www.vivamancora.com\/Peru\/wp-json\/wp\/v2\/posts"}],"about":[{"href":"https:\/\/www.vivamancora.com\/Peru\/wp-json\/wp\/v2\/types\/post"}],"author":[{"embeddable":true,"href":"https:\/\/www.vivamancora.com\/Peru\/wp-json\/wp\/v2\/users\/1"}],"replies":[{"embeddable":true,"href":"https:\/\/www.vivamancora.com\/Peru\/wp-json\/wp\/v2\/comments?post=19352"}],"version-history":[{"count":1,"href":"https:\/\/www.vivamancora.com\/Peru\/wp-json\/wp\/v2\/posts\/19352\/revisions"}],"predecessor-version":[{"id":19354,"href":"https:\/\/www.vivamancora.com\/Peru\/wp-json\/wp\/v2\/posts\/19352\/revisions\/19354"}],"wp:featuredmedia":[{"embeddable":true,"href":"https:\/\/www.vivamancora.com\/Peru\/wp-json\/wp\/v2\/media\/19353"}],"wp:attachment":[{"href":"https:\/\/www.vivamancora.com\/Peru\/wp-json\/wp\/v2\/media?parent=19352"}],"wp:term":[{"taxonomy":"category","embeddable":true,"href":"https:\/\/www.vivamancora.com\/Peru\/wp-json\/wp\/v2\/categories?post=19352"},{"taxonomy":"post_tag","embeddable":true,"href":"https:\/\/www.vivamancora.com\/Peru\/wp-json\/wp\/v2\/tags?post=19352"}],"curies":[{"name":"wp","href":"https:\/\/api.w.org\/{rel}","templated":true}]}}